{"id":2407,"date":"2018-08-07T15:41:08","date_gmt":"2018-08-07T13:41:08","guid":{"rendered":"http:\/\/360vista.fr\/wp3\/?p=2407"},"modified":"2018-08-07T15:49:01","modified_gmt":"2018-08-07T13:49:01","slug":"xiaomi-mi-sphere","status":"publish","type":"post","link":"http:\/\/360vista.fr\/wp3\/xiaomi-mi-sphere\/","title":{"rendered":"Xiaomi Mi Sphere"},"content":{"rendered":"<p>J&rsquo;ouvre une nouvelle rubrique afin de poster (r\u00e9guli\u00e8rement) des panos r\u00e9alis\u00e9s avec cette petite camera.<br \/>\nCapable de prendre photos et vid\u00e9os, compact qui tient dans la poche, elle permet d&rsquo;avoir une solution pr\u00eat \u00e0 d\u00e9gainer, loin du reflex, de son tr\u00e9pied et sa t\u00eate panoramique.<br \/>\nBref, voici <a href=\"http:\/\/360vista.fr\/wp3\/visite-virtuelle\/xiaomi-mi-sphere\/\">un premier pano r\u00e9alis\u00e9 \u00e0 Shibuya, Tokyo<\/a>.<br \/>\nA noter que les visites de <a href=\"http:\/\/360vista.fr\/wp3\/visite-virtuelle\/france-angers\/la-mine-bleue-49\/\">la mine Bleue<\/a> ainsi que <a href=\"http:\/\/360vista.fr\/wp3\/visite-virtuelle\/france-angers\/la-cueillette-du-clos-fremur-juillet-2018\/\">la cueillette du clos Fr\u00e9mur<\/a> ont \u00e9t\u00e9 r\u00e9alis\u00e9 \u00e9galement avec la Mi Sphere. <\/p>\n<p><img loading=\"lazy\" decoding=\"async\" src=\"http:\/\/360vista.fr\/wp3\/wp-content\/uploads\/2018\/08\/xiaomi-300x267.jpg\" alt=\"\" width=\"300\" height=\"267\" class=\"aligncenter size-medium wp-image-2411\" srcset=\"http:\/\/360vista.fr\/wp3\/wp-content\/uploads\/2018\/08\/xiaomi-300x267.jpg 300w, http:\/\/360vista.fr\/wp3\/wp-content\/uploads\/2018\/08\/xiaomi-768x683.jpg 768w, http:\/\/360vista.fr\/wp3\/wp-content\/uploads\/2018\/08\/xiaomi-624x555.jpg 624w, http:\/\/360vista.fr\/wp3\/wp-content\/uploads\/2018\/08\/xiaomi.jpg 900w\" sizes=\"(max-width: 300px) 100vw, 300px\" \/><\/p>\n","protected":false},"excerpt":{"rendered":"<p>J&rsquo;ouvre une nouvelle rubrique afin de poster (r\u00e9guli\u00e8rement) des panos r\u00e9alis\u00e9s avec cette petite camera. Capable de prendre photos et vid\u00e9os, compact qui tient dans la poche, elle permet d&rsquo;avoir une solution pr\u00eat \u00e0 d\u00e9gainer, loin du reflex, de son tr\u00e9pied et sa t\u00eate panoramique. Bref, voici un premier pano r\u00e9alis\u00e9 \u00e0 Shibuya, Tokyo. A [&hellip;]<\/p>\n","protected":false},"author":1,"featured_media":0,"comment_status":"open","ping_status":"open","sticky":false,"template":"","format":"standard","meta":{"footnotes":""},"categories":[1],"tags":[],"_links":{"self":[{"href":"http:\/\/360vista.fr\/wp3\/wp-json\/wp\/v2\/posts\/2407"}],"collection":[{"href":"http:\/\/360vista.fr\/wp3\/wp-json\/wp\/v2\/posts"}],"about":[{"href":"http:\/\/360vista.fr\/wp3\/wp-json\/wp\/v2\/types\/post"}],"author":[{"embeddable":true,"href":"http:\/\/360vista.fr\/wp3\/wp-json\/wp\/v2\/users\/1"}],"replies":[{"embeddable":true,"href":"http:\/\/360vista.fr\/wp3\/wp-json\/wp\/v2\/comments?post=2407"}],"version-history":[{"count":5,"href":"http:\/\/360vista.fr\/wp3\/wp-json\/wp\/v2\/posts\/2407\/revisions"}],"predecessor-version":[{"id":2414,"href":"http:\/\/360vista.fr\/wp3\/wp-json\/wp\/v2\/posts\/2407\/revisions\/2414"}],"wp:attachment":[{"href":"http:\/\/360vista.fr\/wp3\/wp-json\/wp\/v2\/media?parent=2407"}],"wp:term":[{"taxonomy":"category","embeddable":true,"href":"http:\/\/360vista.fr\/wp3\/wp-json\/wp\/v2\/categories?post=2407"},{"taxonomy":"post_tag","embeddable":true,"href":"http:\/\/360vista.fr\/wp3\/wp-json\/wp\/v2\/tags?post=2407"}],"curies":[{"name":"wp","href":"https:\/\/api.w.org\/{rel}","templated":true}]}}